{"id":17598,"date":"2026-08-24T13:26:55","date_gmt":"2026-08-24T16:26:55","guid":{"rendered":"https:\/\/dev84.unicast.digital\/24cbcat\/?p=17598"},"modified":"2026-08-24T13:39:42","modified_gmt":"2026-08-24T16:39:42","slug":"save-the-date","status":"publish","type":"post","link":"https:\/\/dev84.unicast.digital\/24cbcat\/save-the-date\/","title":{"rendered":"Vem a\u00ed o 7\u00ba Encontro Regional de Cat\u00e1lise em Belo Horizonte!"},"content":{"rendered":"\n<p class=\"wp-block-paragraph\">A comunidade cient\u00edfica da \u00e1rea de cat\u00e1lise j\u00e1 pode se preparar: o&nbsp;<strong>7\u00ba ERCAT \u2013 Encontro Regional de Cat\u00e1lise da Regional 2<\/strong>&nbsp;est\u00e1 chegando!<\/p>\n\n\n\n<p class=\"wp-block-paragraph\">O evento d\u00e1 continuidade \u00e0 tradi\u00e7\u00e3o dos encontros regionais promovidos pela Sociedade Brasileira de Cat\u00e1lise (SBCat), reunindo estudantes, pesquisadores, professores e profissionais da ind\u00fastria para dois dias de intensa troca de conhecimento, networking e discuss\u00e3o de avan\u00e7os cient\u00edficos na \u00e1rea.<\/p>\n\n\n\n<p class=\"wp-block-paragraph\">Assim como nas edi\u00e7\u00f5es anteriores, o&nbsp;<strong>ERCAT<\/strong>&nbsp;se consolida como um importante espa\u00e7o para apresenta\u00e7\u00e3o de trabalhos, debates t\u00e9cnicos e integra\u00e7\u00e3o entre diferentes institui\u00e7\u00f5es e grupos de pesquisa.<\/p>\n\n\n\n<p class=\"wp-block-paragraph\">Os encontros regionais da SBCat t\u00eam como principal objetivo fortalecer a comunidade catal\u00edtica, promovendo o interc\u00e2mbio entre academia e setor produtivo, al\u00e9m de incentivar o desenvolvimento de solu\u00e7\u00f5es inovadoras e sustent\u00e1veis.<\/p>\n\n\n\n<p class=\"wp-block-paragraph\"><\/p>\n\n\n\n<p class=\"wp-block-paragraph\">A programa\u00e7\u00e3o do&nbsp;<strong>7\u00ba ERCAT<\/strong>&nbsp;dever\u00e1 contar com:<\/p>\n\n\n\n<ul class=\"wp-block-list\">\n<li>palestras com especialistas da \u00e1rea;<\/li>\n\n\n\n<li>apresenta\u00e7\u00f5es orais e sess\u00f5es de p\u00f4steres;<\/li>\n\n\n\n<li>oportunidades de intera\u00e7\u00e3o e colabora\u00e7\u00e3o cient\u00edfica.<\/li>\n<\/ul>\n\n\n\n<p class=\"wp-block-paragraph\"><strong>Data:<\/strong>&nbsp;15 e 16 de outubro de 2026<br><strong>Local:<\/strong>&nbsp;Belo Horizonte<\/p>\n\n\n\n<p class=\"wp-block-paragraph\"><strong>Inscri\u00e7\u00f5es<\/strong>&nbsp;<strong><a href=\"https:\/\/7ercat.sbcat.org\/inscricoes\" target=\"_blank\" rel=\"noopener\">AQUI<\/a><\/strong><\/p>\n\n\n\n<p class=\"wp-block-paragraph\"><strong>Submiss\u00e3o de Trabalhos&nbsp;<a href=\"https:\/\/7ercat.sbcat.org\/submissao\" target=\"_blank\" rel=\"noopener\">AQUI<\/a><\/strong><\/p>\n\n\n\n<p class=\"wp-block-paragraph\">O evento segue o modelo das edi\u00e7\u00f5es anteriores, que re\u00fanem participantes de diversas regi\u00f5es para discutir tend\u00eancias, desafios e aplica\u00e7\u00f5es da cat\u00e1lise em diferentes setores.<\/p>\n","protected":false},"excerpt":{"rendered":"<p>A comunidade cient\u00edfica da \u00e1rea de cat\u00e1lise j\u00e1 pode se preparar: o&nbsp;7\u00ba ERCAT \u2013 Encontro Regional de Cat\u00e1lise da Regional 2&nbsp;est\u00e1 chegando! O evento d\u00e1 continuidade \u00e0 tradi\u00e7\u00e3o dos encontros regionais promovidos pela Sociedade Brasileira de Cat\u00e1lise (SBCat), reunindo estudantes, pesquisadores, professores e profissionais da ind\u00fastria para dois dias de intensa troca de conhecimento, networking e discuss\u00e3o de avan\u00e7os cient\u00edficos na \u00e1rea. Assim como nas edi\u00e7\u00f5es anteriores, o&nbsp;ERCAT&nbsp;se consolida como um importante espa\u00e7o para apresenta\u00e7\u00e3o de trabalhos, debates t\u00e9cnicos e integra\u00e7\u00e3o entre diferentes institui\u00e7\u00f5es e grupos de pesquisa. Os encontros regionais da SBCat t\u00eam como principal objetivo fortalecer a comunidade catal\u00edtica, promovendo o interc\u00e2mbio entre academia e setor produtivo, al\u00e9m de incentivar o desenvolvimento de solu\u00e7\u00f5es inovadoras e sustent\u00e1veis. A programa\u00e7\u00e3o do&nbsp;7\u00ba ERCAT&nbsp;dever\u00e1 contar com: Data:&nbsp;15 e 16 de outubro de 2026Local:&nbsp;Belo Horizonte Inscri\u00e7\u00f5es&nbsp;AQUI Submiss\u00e3o de Trabalhos&nbsp;AQUI O evento segue o modelo das edi\u00e7\u00f5es anteriores, que re\u00fanem participantes de diversas regi\u00f5es para discutir tend\u00eancias, desafios e aplica\u00e7\u00f5es da cat\u00e1lise em diferentes setores.<\/p>\n","protected":false},"author":1,"featured_media":17607,"comment_status":"closed","ping_status":"open","sticky":false,"template":"","format":"standard","meta":{"footnotes":""},"categories":[1],"tags":[],"class_list":["post-17598","post","type-post","status-publish","format-standard","has-post-thumbnail","hentry","category-noticias"],"_links":{"self":[{"href":"https:\/\/dev84.unicast.digital\/24cbcat\/wp-json\/wp\/v2\/posts\/17598","targetHints":{"allow":["GET"]}}],"collection":[{"href":"https:\/\/dev84.unicast.digital\/24cbcat\/wp-json\/wp\/v2\/posts"}],"about":[{"href":"https:\/\/dev84.unicast.digital\/24cbcat\/wp-json\/wp\/v2\/types\/post"}],"author":[{"embeddable":true,"href":"https:\/\/dev84.unicast.digital\/24cbcat\/wp-json\/wp\/v2\/users\/1"}],"replies":[{"embeddable":true,"href":"https:\/\/dev84.unicast.digital\/24cbcat\/wp-json\/wp\/v2\/comments?post=17598"}],"version-history":[{"count":2,"href":"https:\/\/dev84.unicast.digital\/24cbcat\/wp-json\/wp\/v2\/posts\/17598\/revisions"}],"predecessor-version":[{"id":17603,"href":"https:\/\/dev84.unicast.digital\/24cbcat\/wp-json\/wp\/v2\/posts\/17598\/revisions\/17603"}],"wp:featuredmedia":[{"embeddable":true,"href":"https:\/\/dev84.unicast.digital\/24cbcat\/wp-json\/wp\/v2\/media\/17607"}],"wp:attachment":[{"href":"https:\/\/dev84.unicast.digital\/24cbcat\/wp-json\/wp\/v2\/media?parent=17598"}],"wp:term":[{"taxonomy":"category","embeddable":true,"href":"https:\/\/dev84.unicast.digital\/24cbcat\/wp-json\/wp\/v2\/categories?post=17598"},{"taxonomy":"post_tag","embeddable":true,"href":"https:\/\/dev84.unicast.digital\/24cbcat\/wp-json\/wp\/v2\/tags?post=17598"}],"curies":[{"name":"wp","href":"https:\/\/api.w.org\/{rel}","templated":true}]}}